{"id":1445,"date":"2015-01-20T11:53:20","date_gmt":"2015-01-20T11:53:20","guid":{"rendered":"http:\/\/www.clubederh.com.br\/?p=1445"},"modified":"2015-03-27T11:28:12","modified_gmt":"2015-03-27T11:28:12","slug":"1102-palestra-a-gestao-de-terceiros-no-ambiente-empresarial-com-vanderlei-heloany","status":"publish","type":"post","link":"https:\/\/www.clubederh.com.br\/?p=1445","title":{"rendered":"11\/02 &#8211; Palestra: &#8220;A Gest\u00e3o de Terceiros no ambiente empresarial&#8221; com Vanderlei Heloany"},"content":{"rendered":"<p>Local: SEDE DO CLUBE DE RH DE EXTREMA E REGI\u00c3O \u2013 PARQUE ECOL\u00d3GICO PICO DOS CABRITOS<br \/>\nRua das Ac\u00e1cias, 777 \u2013 Vila Rica \u2013 Extrema \u2013 MG (<a href=\"http:\/\/www.29.dtikm7.com\/g\/f13c48d74fbb89a90110d06041cb89caeeje6rfe0e75el4rD\">Acesse o mapa aqui<\/a>)<\/p>\n<p><span style=\"text-decoration: underline;\">A Gest\u00e3o de Terceiros no ambiente empresarial<\/span><\/p>\n<p><strong>Local:<\/strong>\u00a0Sal\u00e3o de Eventos.<br \/>\n<span style=\"text-decoration: underline;\"><strong>Acesso exclusivo\u00a0aos Profissionais de Gest\u00e3o de Pessoas\u00a0das Empresas credenciadas<\/strong><\/span>.<\/p>\n<p><strong>Introdu\u00e7\u00e3o:<\/strong><\/p>\n<p>Desde o inicio da Terceiriza\u00e7\u00e3o no Brasil, as empresas tentam encontrar o melhor caminho para o gerenciamento dos contratados, formulas para diminuir os diversos riscos e como eliminar o passivo trabalhista.<\/p>\n<p>Sabemos que hoje a Terceiriza\u00e7\u00e3o faz parte da estrat\u00e9gia das empresas e \u00e9 fator de competitividade no mundo dos neg\u00f3cios.<\/p>\n<p>Pensando nisso, foi desenvolvida a palestra sobre <strong>&#8220;A\u00a0Gest\u00e3o de Terceiros no Ambiente Empresarial&#8221;<\/strong>, que aborda de forma pratica esse polemico tema, oferece dicas sobre quais servi\u00e7os podem ser contratados, quais os cuidados para a contrata\u00e7\u00e3o, qual o papel do RH, o que pensa a Justi\u00e7a, \u00c9tica, Ass\u00e9dios e como gerenciar terceiros entre outras interessantes e importantes informa\u00e7\u00f5es.<\/p>\n<p><strong>Palestrante: Vanderlei Heloany<\/strong>, MBA em Gest\u00e3o Estrat\u00e9gica pela USP, MBA em Gest\u00e3o Empresarial pela FGV e Advogado graduado pela UBC. Certificado em Rela\u00e7\u00f5es Trabalhistas pela PUC-COGEAE, Advocacia Previdenci\u00e1ria pela ESA-OAB, Certifica\u00e7\u00e3o Internacional (Holo) Mentoring\u00ae &amp; Coaching ISOR\u00ae pelo Instituto Holos, International Assignment e Global Management Skill pela RW\u00b3 CultureWizard-USA. Professor da FGV em cursos da \u00e1rea de gest\u00e3o de pessoas. Palestrante, Consultor Empresarial e Coach\/Mentor em desenvolvimento de executivos. Foi membro do GT de \u00c9tica e Governan\u00e7a Corporativa da C\u00e2mara Brasil-Alemanha, Conselheiro do CIESP e negociador do SIP e SINDUSFARMA. Ocupou cargos de dire\u00e7\u00e3o em empresas nacionais e multinacionais, nas \u00e1reas de Desenvolvimento Organizacional e Recursos Humanos.<\/p>\n<p><strong><a href=\"http:\/\/www.clubederh.com.br\/?p=1443\" target=\"_blank\">VOLTAR.<\/a><\/strong><\/p>\n<p>&nbsp;<\/p>\n","protected":false},"excerpt":{"rendered":"<p>Local: SEDE DO CLUBE DE RH DE EXTREMA E REGI\u00c3O \u2013 PARQUE ECOL\u00d3GICO PICO DOS CABRITOS Rua das Ac\u00e1cias, 777 \u2013 Vila Rica \u2013 Extrema \u2013 MG (Acesse o mapa aqui) A Gest\u00e3o de Terceiros no ambiente empresarial Local:\u00a0Sal\u00e3o de &hellip; <a href=\"https:\/\/www.clubederh.com.br\/?p=1445\">Continue lendo <span class=\"meta-nav\">&rarr;<\/span><\/a><\/p>\n","protected":false},"author":2,"featured_media":0,"comment_status":"open","ping_status":"open","sticky":false,"template":"","format":"standard","meta":{"footnotes":""},"categories":[3],"tags":[155,159,158],"_links":{"self":[{"href":"https:\/\/www.clubederh.com.br\/index.php?rest_route=\/wp\/v2\/posts\/1445"}],"collection":[{"href":"https:\/\/www.clubederh.com.br\/index.php?rest_route=\/wp\/v2\/posts"}],"about":[{"href":"https:\/\/www.clubederh.com.br\/index.php?rest_route=\/wp\/v2\/types\/post"}],"author":[{"embeddable":true,"href":"https:\/\/www.clubederh.com.br\/index.php?rest_route=\/wp\/v2\/users\/2"}],"replies":[{"embeddable":true,"href":"https:\/\/www.clubederh.com.br\/index.php?rest_route=%2Fwp%2Fv2%2Fcomments&post=1445"}],"version-history":[{"count":5,"href":"https:\/\/www.clubederh.com.br\/index.php?rest_route=\/wp\/v2\/posts\/1445\/revisions"}],"predecessor-version":[{"id":1675,"href":"https:\/\/www.clubederh.com.br\/index.php?rest_route=\/wp\/v2\/posts\/1445\/revisions\/1675"}],"wp:attachment":[{"href":"https:\/\/www.clubederh.com.br\/index.php?rest_route=%2Fwp%2Fv2%2Fmedia&parent=1445"}],"wp:term":[{"taxonomy":"category","embeddable":true,"href":"https:\/\/www.clubederh.com.br\/index.php?rest_route=%2Fwp%2Fv2%2Fcategories&post=1445"},{"taxonomy":"post_tag","embeddable":true,"href":"https:\/\/www.clubederh.com.br\/index.php?rest_route=%2Fwp%2Fv2%2Ftags&post=1445"}],"curies":[{"name":"wp","href":"https:\/\/api.w.org\/{rel}","templated":true}]}}