{"id":1658,"date":"2015-03-26T15:35:33","date_gmt":"2015-03-26T15:35:33","guid":{"rendered":"http:\/\/www.clubederh.com.br\/?p=1658"},"modified":"2015-03-26T21:40:03","modified_gmt":"2015-03-26T21:40:03","slug":"1004-palestra-com-augusto-cury-em-braganca-paulista","status":"publish","type":"post","link":"https:\/\/www.clubederh.com.br\/?p=1658","title":{"rendered":"10\/04 &#8211; Palestra com o Dr. Augusto Cury em Bragan\u00e7a Paulista"},"content":{"rendered":"<p><a href=\"http:\/\/www.clubederh.com.br\/arquivos\/2015_04_10_convite_augusto_cury_ansiedade_como_enfrentar_o_mal_do_seculo.pdf\"><img decoding=\"async\" loading=\"lazy\" class=\"size-full wp-image-1665 aligncenter\" alt=\"menthes_ansiedade\" src=\"http:\/\/www.clubederh.com.br\/novo\/wp-content\/uploads\/menthes_ansiedade.png\" width=\"527\" height=\"99\" srcset=\"https:\/\/www.clubederh.com.br\/wp-content\/uploads\/menthes_ansiedade.png 527w, https:\/\/www.clubederh.com.br\/wp-content\/uploads\/menthes_ansiedade-300x56.png 300w, https:\/\/www.clubederh.com.br\/wp-content\/uploads\/menthes_ansiedade-450x84.png 450w\" sizes=\"(max-width: 527px) 100vw, 527px\" \/><\/a><\/p>\n<p>Ol\u00e1 pessoal, bom dia!<\/p>\n<p>\u00c9 com muita alegria que <a href=\"http:\/\/www.clubederh.com.br\/arquivos\/2015_04_10_convite_augusto_cury_ansiedade_como_enfrentar_o_mal_do_seculo.pdf\" target=\"_blank\">anunciamos \u00a0o convite<\/a>* \u00a0para um dos eventos mais importantes que Bragan\u00e7a Paulista poderia receber.<\/p>\n<p>Afinal n\u00e3o \u00e9 todo dia que temos o privil\u00e9gio de ouvir o\u00a0<strong>Dr.\u00a0Augusto Cury<\/strong>,\u00a0o autor mais lido da \u00faltima d\u00e9cada, (conforme a folha de S\u00e3o Paulo), al\u00e9m de psiquiatra, psicopedagogo e um dos poucos profissionais vivos que t\u00eam sua teoria estudada por faculdades no Brasil e no exterior, com base na educa\u00e7\u00e3o s\u00f3cio emocional.<\/p>\n<p>N\u00e3o perca esta oportunidade e<a href=\"http:\/\/www.clubederh.com.br\/arquivos\/2015_04_10_convite_augusto_cury_ansiedade_como_enfrentar_o_mal_do_seculo.pdf\" target=\"_blank\"> estenda o convite*\u00a0<\/a>a todos os profissionais e amigos que valorizem um vida de qualidade.<\/p>\n<p><a href=\"http:\/\/www.clubederh.com.br\/arquivos\/2015_04_10_convite_augusto_cury_ansiedade_como_enfrentar_o_mal_do_seculo.pdf\" target=\"_blank\"><img decoding=\"async\" loading=\"lazy\" class=\"size-full wp-image-1663 aligncenter\" alt=\"menthes\" src=\"http:\/\/www.clubederh.com.br\/novo\/wp-content\/uploads\/menthes1.png\" width=\"680\" height=\"191\" srcset=\"https:\/\/www.clubederh.com.br\/wp-content\/uploads\/menthes1.png 680w, https:\/\/www.clubederh.com.br\/wp-content\/uploads\/menthes1-300x84.png 300w, https:\/\/www.clubederh.com.br\/wp-content\/uploads\/menthes1-450x126.png 450w\" sizes=\"(max-width: 680px) 100vw, 680px\" \/><\/a><\/p>\n<p><span style=\"color: #ff0000;\"><strong>* O valor do convite \u00e9 de R$ 100,00 por\u00e9m antecipado ser\u00e1 de R$ 85,00 e em grupo a partir de 5 pessoas a R$ 70,00 reais<\/strong><\/span><\/p>\n<p><strong>* Pre\u00e7o especial para Associados: O valor do convite \u00a0antecipado para Associados do Clube de RH ser\u00e1 de R$ 60,00.<\/strong><\/p>\n","protected":false},"excerpt":{"rendered":"<p>Ol\u00e1 pessoal, bom dia! \u00c9 com muita alegria que anunciamos \u00a0o convite* \u00a0para um dos eventos mais importantes que Bragan\u00e7a Paulista poderia receber. Afinal n\u00e3o \u00e9 todo dia que temos o privil\u00e9gio de ouvir o\u00a0Dr.\u00a0Augusto Cury,\u00a0o autor mais lido da &hellip; <a href=\"https:\/\/www.clubederh.com.br\/?p=1658\">Continue lendo <span class=\"meta-nav\">&rarr;<\/span><\/a><\/p>\n","protected":false},"author":2,"featured_media":0,"comment_status":"open","ping_status":"open","sticky":false,"template":"","format":"standard","meta":{"footnotes":""},"categories":[3],"tags":[213],"_links":{"self":[{"href":"https:\/\/www.clubederh.com.br\/index.php?rest_route=\/wp\/v2\/posts\/1658"}],"collection":[{"href":"https:\/\/www.clubederh.com.br\/index.php?rest_route=\/wp\/v2\/posts"}],"about":[{"href":"https:\/\/www.clubederh.com.br\/index.php?rest_route=\/wp\/v2\/types\/post"}],"author":[{"embeddable":true,"href":"https:\/\/www.clubederh.com.br\/index.php?rest_route=\/wp\/v2\/users\/2"}],"replies":[{"embeddable":true,"href":"https:\/\/www.clubederh.com.br\/index.php?rest_route=%2Fwp%2Fv2%2Fcomments&post=1658"}],"version-history":[{"count":10,"href":"https:\/\/www.clubederh.com.br\/index.php?rest_route=\/wp\/v2\/posts\/1658\/revisions"}],"predecessor-version":[{"id":1661,"href":"https:\/\/www.clubederh.com.br\/index.php?rest_route=\/wp\/v2\/posts\/1658\/revisions\/1661"}],"wp:attachment":[{"href":"https:\/\/www.clubederh.com.br\/index.php?rest_route=%2Fwp%2Fv2%2Fmedia&parent=1658"}],"wp:term":[{"taxonomy":"category","embeddable":true,"href":"https:\/\/www.clubederh.com.br\/index.php?rest_route=%2Fwp%2Fv2%2Fcategories&post=1658"},{"taxonomy":"post_tag","embeddable":true,"href":"https:\/\/www.clubederh.com.br\/index.php?rest_route=%2Fwp%2Fv2%2Ftags&post=1658"}],"curies":[{"name":"wp","href":"https:\/\/api.w.org\/{rel}","templated":true}]}}