{"id":3554,"date":"2016-06-22T18:29:07","date_gmt":"2016-06-22T18:29:07","guid":{"rendered":"http:\/\/www.clubederh.com.br\/?p=3554"},"modified":"2016-07-19T15:09:52","modified_gmt":"2016-07-19T15:09:52","slug":"1307-palestra-o-maestro-e-sua-equipe-de-sucesso-com-marco-acras","status":"publish","type":"post","link":"https:\/\/www.clubederh.com.br\/?p=3554","title":{"rendered":"13\/07 &#8211; Palestra: \u201cO Maestro e sua equipe de Sucesso\u201d com Marco Acras"},"content":{"rendered":"<p>13\/07\/2016 (quarta-feira)<br \/>\n<a href=\"http:\/\/www.clubederh.com.br\/?p=3548\">1\u00ba Encontro do Clube de RH em Bragan\u00e7a Paulista\/SP<\/a><br \/>\nLocal: Instituto Mix de Profiss\u00f5es<br \/>\nAv. Antonio Pires Pimentel, 690 &#8211; Centro &#8211; Bragan\u00e7a Paulista &#8211; SP <a href=\"https:\/\/www.google.com.br\/maps\/place\/Av.+Antonio+Pires+Pimentel,+690+-+Centro,+Bragan%C3%A7a+Paulista+-+SP,+12900-011\/@-22.9544145,-46.5419811,17z\/data=!3m1!4b1!4m5!3m4!1s0x94cec9921b07f32f:0xbabe1d7d44a76f8e!8m2!3d-22.9544145!4d-46.5397924\" target=\"_blank\"><span style=\"color: #0000ff;\">(Acesse o mapa aqui)<\/span><\/a><\/p>\n<p>A palestra <strong>\u201cO Maestro e sua equipe de Sucesso\u201d<\/strong> tra\u00e7a um paralelo entre as habilidades de uma orquestra e seus respectivos m\u00fasicos, com as compet\u00eancias de um executivo e sua organiza\u00e7\u00e3o.<\/p>\n<p>A apresenta\u00e7\u00e3o de exemplos de performances musicais e temas inspiracionais despertam no participante a import\u00e2ncia de aplicar os conceitos em comum no universo da m\u00fasica e no mundo corporativo. Al\u00e9m disso, poder\u00e3o vivenciar algumas experi\u00eancias musicais e praticar os atributos usados numa orquestra bem-sucedida, para posteriormente poder aplic\u00e1-los em seu dia a dia na empresa.<\/p>\n<p><strong>Entre os temas abordados est\u00e3o os seguintes:<\/strong><\/p>\n<ul>\n<li>O Sonho: o primeiro passo para um planejamento eficaz<\/li>\n<li>Foco no Talento<\/li>\n<li>Improviso<\/li>\n<li>Prop\u00f3sito<\/li>\n<li>Divers\u00e3o<\/li>\n<li>Comunica\u00e7\u00e3o Eficaz<\/li>\n<li>Trabalho em equipe: A Sinergia na m\u00fasica<\/li>\n<li>O L\u00edder Maestro.<\/li>\n<\/ul>\n<p>&nbsp;<\/p>\n<p><strong>Objetivos<\/strong><\/p>\n<ul>\n<li>Apresentar um modelo de lideran\u00e7a focado em pessoas.<\/li>\n<li>Evidenciar a import\u00e2ncia dos objetivos trabalhados em equipe.<\/li>\n<li>A escuta ativa e a comunica\u00e7\u00e3o \u201cafetiva\u201d para resultados efetivos.<\/li>\n<li>A import\u00e2ncia de estar preparado para imprevistos e desafios.<\/li>\n<\/ul>\n<p>&nbsp;<\/p>\n<p><strong><a href=\"http:\/\/www.clubederh.com.br\/novo\/wp-content\/uploads\/MARCO-ACRAS-v2.jpg\"><img decoding=\"async\" loading=\"lazy\" class=\"size-full wp-image-3586 alignleft\" alt=\"MARCO ACRAS v2\" src=\"http:\/\/www.clubederh.com.br\/novo\/wp-content\/uploads\/MARCO-ACRAS-v2.jpg\" width=\"188\" height=\"188\" srcset=\"https:\/\/www.clubederh.com.br\/wp-content\/uploads\/MARCO-ACRAS-v2.jpg 188w, https:\/\/www.clubederh.com.br\/wp-content\/uploads\/MARCO-ACRAS-v2-80x80.jpg 80w, https:\/\/www.clubederh.com.br\/wp-content\/uploads\/MARCO-ACRAS-v2-36x36.jpg 36w, https:\/\/www.clubederh.com.br\/wp-content\/uploads\/MARCO-ACRAS-v2-180x180.jpg 180w, https:\/\/www.clubederh.com.br\/wp-content\/uploads\/MARCO-ACRAS-v2-120x120.jpg 120w\" sizes=\"(max-width: 188px) 100vw, 188px\" \/><\/a>Marco Acras<\/strong> \u00e9 Educador musical, m\u00fasico profissional e vocal Coach com mais de 20 anos de atua\u00e7\u00e3o em renomadas institui\u00e7\u00f5es de ensino musical.<\/p>\n<p>Tem forma\u00e7\u00e3o acad\u00eamica em Direito (com atua\u00e7\u00e3o nas \u00e1reas do Direito C\u00edvel e Fam\u00edlia) e Administra\u00e7\u00e3o de empresas, com especializa\u00e7\u00e3o (MBA) em Gest\u00e3o Estrat\u00e9gica de Treinamento e Desenvolvimento.<\/p>\n<p>\u00c9 coautor do livro Treinamentos Comportamentais, publicado pela editora Ser Mais e autor de diversos artigos sobre Criatividade, Lideran\u00e7a e Ci\u00eancias do Comportamento Humano.<\/p>\n<p>&nbsp;<\/p>\n<p style=\"text-align: center;\"><a href=\"http:\/\/www.clubederh.com.br\/?p=3548\"><strong><span style=\"text-decoration: underline;\">Acesse a programa\u00e7\u00e3o completa e fa\u00e7a a sua inscri\u00e7\u00e3o aqui.<\/span><\/strong><\/a><\/p>\n","protected":false},"excerpt":{"rendered":"<p>13\/07\/2016 (quarta-feira) 1\u00ba Encontro do Clube de RH em Bragan\u00e7a Paulista\/SP Local: Instituto Mix de Profiss\u00f5es Av. Antonio Pires Pimentel, 690 &#8211; Centro &#8211; Bragan\u00e7a Paulista &#8211; SP (Acesse o mapa aqui) A palestra \u201cO Maestro e sua equipe de &hellip; <a href=\"https:\/\/www.clubederh.com.br\/?p=3554\">Continue lendo <span class=\"meta-nav\">&rarr;<\/span><\/a><\/p>\n","protected":false},"author":2,"featured_media":0,"comment_status":"open","ping_status":"open","sticky":false,"template":"","format":"standard","meta":{"footnotes":""},"categories":[3],"tags":[494,493,122,36,106],"_links":{"self":[{"href":"https:\/\/www.clubederh.com.br\/index.php?rest_route=\/wp\/v2\/posts\/3554"}],"collection":[{"href":"https:\/\/www.clubederh.com.br\/index.php?rest_route=\/wp\/v2\/posts"}],"about":[{"href":"https:\/\/www.clubederh.com.br\/index.php?rest_route=\/wp\/v2\/types\/post"}],"author":[{"embeddable":true,"href":"https:\/\/www.clubederh.com.br\/index.php?rest_route=\/wp\/v2\/users\/2"}],"replies":[{"embeddable":true,"href":"https:\/\/www.clubederh.com.br\/index.php?rest_route=%2Fwp%2Fv2%2Fcomments&post=3554"}],"version-history":[{"count":7,"href":"https:\/\/www.clubederh.com.br\/index.php?rest_route=\/wp\/v2\/posts\/3554\/revisions"}],"predecessor-version":[{"id":3736,"href":"https:\/\/www.clubederh.com.br\/index.php?rest_route=\/wp\/v2\/posts\/3554\/revisions\/3736"}],"wp:attachment":[{"href":"https:\/\/www.clubederh.com.br\/index.php?rest_route=%2Fwp%2Fv2%2Fmedia&parent=3554"}],"wp:term":[{"taxonomy":"category","embeddable":true,"href":"https:\/\/www.clubederh.com.br\/index.php?rest_route=%2Fwp%2Fv2%2Fcategories&post=3554"},{"taxonomy":"post_tag","embeddable":true,"href":"https:\/\/www.clubederh.com.br\/index.php?rest_route=%2Fwp%2Fv2%2Ftags&post=3554"}],"curies":[{"name":"wp","href":"https:\/\/api.w.org\/{rel}","templated":true}]}}