{"id":4158,"date":"2017-03-31T15:34:53","date_gmt":"2017-03-31T15:34:53","guid":{"rendered":"http:\/\/www.clubederh.com.br\/?p=4158"},"modified":"2017-05-25T14:34:33","modified_gmt":"2017-05-25T14:34:33","slug":"1406-palestra-boas-praticas-da-medicina-ocupacional-para-reducao-de-sinistralidade-e-passivos-trabalhistas","status":"publish","type":"post","link":"https:\/\/www.clubederh.com.br\/?p=4158","title":{"rendered":"14\/06 &#8211; Palestra: Boas Pr\u00e1ticas da Medicina Ocupacional para Redu\u00e7\u00e3o de Sinistralidade e Passivos Trabalhistas&#8221;"},"content":{"rendered":"<p>14\/06\/2017 (quarta-feira) das 08h00 \u00e0s 12h00<\/p>\n<p><span style=\"color: #000000;\">O CLUBE DE RH em a\u00e7\u00e3o conjunta\u00a0com a A\u00c7\u00c3OMED est\u00e1 trazendo o especialista Dr. Adilson Gomes, Prof\u00ba da USP, para uma importante Palestra, onde falaremos em como evitar os Passivos Trabalhistas relacionados \u00e0 Medicina do Trabalho e voc\u00ea est\u00e1 convidado a participar gratuitamente.<\/span><\/p>\n<p><span style=\"color: #000000;\">O atual cen\u00e1rio legal ditado pelas NRs (Normas Regulamentadoras do Minist\u00e9rio do Trabalho), relacionadas \u00e0s futuras demandas elencadas pelo projeto eSocial do governo federal, acaba por nos remeter a um preocupante fator s\u00f3cio, ambiental e econ\u00f4mico presente dentro de nossas empresas: a aquisi\u00e7\u00e3o involunt\u00e1ria de passivo m\u00e9dico trabalhista.<\/span><\/p>\n<p><span style=\"color: #000000;\">O CLUBE DE RH em conjunto\u00a0com a A\u00c7\u00c3OMED, estar\u00e1 trazendo o especialista em Medicina do Trabalho Dr. Adilson Gomes, docente da USP, mestre em sistemas de gest\u00e3o em sa\u00fade e seguran\u00e7a no trabalho, para uma importante Palestra a ser realizada no dia 14\/06\/2017, em Extrema, na empresa Fagor Ederlan, onde falaremos de como evitar os Passivos Trabalhistas relacionados \u00e0 Medicina do Trabalho e voc\u00ea est\u00e1 convidado a participar gratuitamente.<\/span><\/p>\n<p><span style=\"color: #000000;\">Com o intuito de prevenir e mitigar esses passivos relacionados \u00e0 sa\u00fade do trabalhador, Dr. Adilson Gomes nos mostrara modelos de gest\u00e3o j\u00e1 consagrados, bem como os melhores conceitos e pr\u00e1ticas, atualmente utilizados para potencializar o retorno dos investimentos em sa\u00fade ocupacional dentro das empresas.<\/span><\/p>\n<p><span style=\"color: #000000;\">Na ocasi\u00e3o, disponibilizaremos em car\u00e1ter facultativo e gratuito, para todos os presentes, uma ferramenta para mapear o grau de maturidade da sua empresa em rela\u00e7\u00e3o ao tema abordado.<\/span><\/p>\n<p><span style=\"color: #000000;\">A A\u00c7\u00c3OMED \u00e9 uma empresa do Sul de Minas Gerais, que traz no seu DNA toda a expertise t\u00e9cnica e tecnol\u00f3gica do grupo CLM Medicina do Trabalho, este com mais de 20 anos no mercado nacional.<\/span><\/p>\n<p><b>Local: Fagor Ederlan<\/b><br \/>\n<b><\/b><span style=\"color: #000000;\">Av. Nicolau Cesarino, 2297 \u00a0\u2013 Extrema \u2013 MG (Pr\u00f3ximo \u00e0 Rodovi\u00e1ria)<\/span><\/p>\n<p><strong>ENCONTRO COM PRESEN\u00c7A LIMITADA DE 40 PESSOAS<\/strong><br \/>\n<strong>Obs: Chegar com anteced\u00eancia para o credenciamento obrigat\u00f3rio na portaria da Empresa.<\/strong><\/p>\n<p><strong>\u00a0<\/strong><\/p>\n<div>\n<table width=\"100%\" border=\"0\" cellspacing=\"0\" cellpadding=\"0\">\n<tbody>\n<tr>\n<td><strong><img decoding=\"async\" loading=\"lazy\" class=\"aligncenter size-full wp-image-3617\" alt=\"logo_programacao\" src=\"http:\/\/www.clubederh.com.br\/novo\/wp-content\/uploads\/logo_programacao.jpg\" width=\"474\" height=\"96\" srcset=\"https:\/\/www.clubederh.com.br\/wp-content\/uploads\/logo_programacao.jpg 474w, https:\/\/www.clubederh.com.br\/wp-content\/uploads\/logo_programacao-300x60.jpg 300w, https:\/\/www.clubederh.com.br\/wp-content\/uploads\/logo_programacao-450x91.jpg 450w\" sizes=\"(max-width: 474px) 100vw, 474px\" \/><\/strong><\/p>\n<div><\/div>\n<div>\n<p><strong><img decoding=\"async\" alt=\"\" src=\"http:\/\/www.clubederh.com.br\/novo\/wp-content\/uploads\/email_bullet.jpg\" \/><span style=\"color: #000000;\">\u00a0<\/span><span style=\"color: #000000;\">08h00\u00a0<\/span><\/strong><span style=\"color: #000000;\"><strong>\u00a0&#8211;<\/strong> Recep\u00e7\u00e3o e Credenciamento<\/span><\/p>\n<p><span style=\"color: #000000;\"><img decoding=\"async\" alt=\"\" src=\"http:\/\/www.clubederh.com.br\/novo\/wp-content\/uploads\/email_bullet.jpg\" \/>\u00a0<strong>08h30 \u2013<\/strong>\u00a0Apresenta\u00e7\u00e3o do Plano de A\u00e7\u00e3o: GEST\u00c3O DE SA\u00daDE DO TRABALHADOR COM REDU\u00c7\u00c3O DE SINISTRALIDADE (<strong><a href=\"http:\/\/www.clubederh.com.br\/?page_id=4052\"><span style=\"color: #000000;\">Saiba Mais<\/span><\/a><\/strong>)<\/span><\/p>\n<p><span style=\"color: #000000;\"><img decoding=\"async\" alt=\"\" src=\"http:\/\/www.clubederh.com.br\/novo\/wp-content\/uploads\/email_bullet.jpg\" \/>\u00a0<strong>09h30 \u2013<\/strong>\u00a0Palestra: &#8220;Boas Pr\u00e1ticas na Medicina Ocupacional para Redu\u00e7\u00e3o de Passivos Trabalhistas e Sinistralidade&#8221; com Dr. Adilson Gomes &#8211; Prof\u00ba da USP<\/span><\/p>\n<p><span style=\"color: #000000;\"><img decoding=\"async\" alt=\"\" src=\"http:\/\/www.clubederh.com.br\/novo\/wp-content\/uploads\/email_bullet.jpg\" \/>\u00a0<strong>10h30 \u2013<\/strong>\u00a0Caf\u00e9 de Relacionamentos<\/span><\/p>\n<p><span style=\"color: #000000;\"><img decoding=\"async\" alt=\"\" src=\"http:\/\/www.clubederh.com.br\/novo\/wp-content\/uploads\/email_bullet.jpg\" \/>\u00a0<strong>10h45 \u2013\u00a0<\/strong>Apresenta\u00e7\u00e3o \u2013 Benef\u00edcios do Atestado M\u00e9dico para fins de Per\u00edcia M\u00e9dica na Redu\u00e7\u00e3o do Absente\u00edsmo e da Sinistralidade com Maur\u00edcio Tornero<\/span><\/p>\n<p><span style=\"color: #000000;\"><img decoding=\"async\" alt=\"\" src=\"http:\/\/www.clubederh.com.br\/novo\/wp-content\/uploads\/email_bullet.jpg\" \/>\u00a0<strong>12h00 \u2013\u00a0<\/strong>Encerramento<\/span><\/p>\n<\/div>\n<div><\/div>\n<div><strong>P\u00daBLICO A QUEM SE DESTINA ESTE ENCONTRO:<\/strong><br \/>\n<span style=\"color: #000000;\">L\u00edderes e Gestores (Diretoria, Ger\u00eancia e Chefias de Departamentos), Profissionais de RH, Profissionais de Seguran\u00e7a do Trabalho e Associados do Clube de RH.<\/span><\/div>\n<div><\/div>\n<div>\n<p><strong>Quarta-feira, 14\/06\/2017 das 08h00 \u00e0s 12h00<\/strong><\/p>\n<p>&nbsp;<\/p>\n<p><span style=\"color: #000000;\">Voc\u00ea pode participar tamb\u00e9m de nossas Reuni\u00f5es nas Regionais de Bragan\u00e7a Paulista\/SP e Pouso Alegre\/MG.<\/span> (<a href=\"http:\/\/www.clubederh.com.br\/?page_id=50\" target=\"_blank\">Saiba Mais<\/a>)<\/p>\n<p>&nbsp;<\/p>\n<\/div>\n<div>\n<p style=\"text-align: center;\">Contamos com a sua presen\u00e7a!<\/p>\n<div>\n<p><a href=\"https:\/\/www.sympla.com.br\/palestra-boas-praticas-na-medicina-ocupacional-na-reducao-de-passivos-trabalhistas-e-sinistralidade__128888\" target=\"_blank\"><img decoding=\"async\" loading=\"lazy\" class=\"aligncenter\" alt=\"seta_gris\" src=\"http:\/\/www.clubederh.com.br\/novo\/wp-content\/uploads\/seta_gris.jpeg\" width=\"97\" height=\"97\" \/><\/a><\/p>\n<\/div>\n<div style=\"text-align: center;\"><a href=\"https:\/\/www.sympla.com.br\/palestra-boas-praticas-na-medicina-ocupacional-na-reducao-de-passivos-trabalhistas-e-sinistralidade__128888\" target=\"_blank\">INSCREVA-SE AQUI !<\/a><\/div>\n<div style=\"text-align: center;\"><\/div>\n<div style=\"text-align: center;\"><img decoding=\"async\" loading=\"lazy\" class=\"aligncenter size-full wp-image-4175\" alt=\"APOIO_Acaomed\" src=\"http:\/\/www.clubederh.com.br\/novo\/wp-content\/uploads\/APOIO_Acaomed.png\" width=\"674\" height=\"354\" srcset=\"https:\/\/www.clubederh.com.br\/wp-content\/uploads\/APOIO_Acaomed.png 674w, https:\/\/www.clubederh.com.br\/wp-content\/uploads\/APOIO_Acaomed-300x157.png 300w, https:\/\/www.clubederh.com.br\/wp-content\/uploads\/APOIO_Acaomed-450x236.png 450w\" sizes=\"(max-width: 674px) 100vw, 674px\" \/><\/div>\n<p>&nbsp;<\/p>\n<\/div>\n<\/td>\n<\/tr>\n<\/tbody>\n<\/table>\n<\/div>\n","protected":false},"excerpt":{"rendered":"<p>14\/06\/2017 (quarta-feira) das 08h00 \u00e0s 12h00 O CLUBE DE RH em a\u00e7\u00e3o conjunta\u00a0com a A\u00c7\u00c3OMED est\u00e1 trazendo o especialista Dr. Adilson Gomes, Prof\u00ba da USP, para uma importante Palestra, onde falaremos em como evitar os Passivos Trabalhistas relacionados \u00e0 Medicina &hellip; <a href=\"https:\/\/www.clubederh.com.br\/?p=4158\">Continue lendo <span class=\"meta-nav\">&rarr;<\/span><\/a><\/p>\n","protected":false},"author":2,"featured_media":0,"comment_status":"open","ping_status":"open","sticky":false,"template":"","format":"standard","meta":{"footnotes":""},"categories":[3,4],"tags":[],"_links":{"self":[{"href":"https:\/\/www.clubederh.com.br\/index.php?rest_route=\/wp\/v2\/posts\/4158"}],"collection":[{"href":"https:\/\/www.clubederh.com.br\/index.php?rest_route=\/wp\/v2\/posts"}],"about":[{"href":"https:\/\/www.clubederh.com.br\/index.php?rest_route=\/wp\/v2\/types\/post"}],"author":[{"embeddable":true,"href":"https:\/\/www.clubederh.com.br\/index.php?rest_route=\/wp\/v2\/users\/2"}],"replies":[{"embeddable":true,"href":"https:\/\/www.clubederh.com.br\/index.php?rest_route=%2Fwp%2Fv2%2Fcomments&post=4158"}],"version-history":[{"count":10,"href":"https:\/\/www.clubederh.com.br\/index.php?rest_route=\/wp\/v2\/posts\/4158\/revisions"}],"predecessor-version":[{"id":4160,"href":"https:\/\/www.clubederh.com.br\/index.php?rest_route=\/wp\/v2\/posts\/4158\/revisions\/4160"}],"wp:attachment":[{"href":"https:\/\/www.clubederh.com.br\/index.php?rest_route=%2Fwp%2Fv2%2Fmedia&parent=4158"}],"wp:term":[{"taxonomy":"category","embeddable":true,"href":"https:\/\/www.clubederh.com.br\/index.php?rest_route=%2Fwp%2Fv2%2Fcategories&post=4158"},{"taxonomy":"post_tag","embeddable":true,"href":"https:\/\/www.clubederh.com.br\/index.php?rest_route=%2Fwp%2Fv2%2Ftags&post=4158"}],"curies":[{"name":"wp","href":"https:\/\/api.w.org\/{rel}","templated":true}]}}